{"id":802,"date":"2018-12-13T12:53:09","date_gmt":"2018-12-13T14:53:09","guid":{"rendered":"https:\/\/maurofelippe.com\/?p=802"},"modified":"2019-01-22T08:59:46","modified_gmt":"2019-01-22T10:59:46","slug":"dia-nacional-do-livro-uma-homenagem-a-literatura","status":"publish","type":"post","link":"https:\/\/maurofelippe.com\/en\/dia-nacional-do-livro-uma-homenagem-a-literatura\/","title":{"rendered":"National Book Day: a tribute to literature"},"content":{"rendered":"<p>On October 29, National Book Day is celebrated. The date came with the founding of the National Library of Brazil, in 1810, by the Portuguese Crown, in Rio de Janeiro. At this time, D. Jo\u00e3o VI brought the thousands of archives of the Royal Portuguese Library to Brazil, initiating the collection of the current largest library in Latin America and seventh largest in the world.<\/p>\n<p>Mauro Felippe, a poet and lawyer from Santa Catarina, honors the importance of books and words to the human being in his poem &quot;Escritas&quot;, which composes the work &quot;Specters&quot;. Check out the excerpt:<\/p>\n<blockquote><p>Books are sources that overflow<br \/>\nNo animal describes the past<br \/>\nNeither what happens in this<br \/>\nNeither draws the future<br \/>\nThe man, at least, ventes writing<\/p><\/blockquote>","protected":false},"excerpt":{"rendered":"<p>Em 29 de outubro, comemora-se o Dia Nacional do Livro. A data surgiu com a funda\u00e7\u00e3o da Biblioteca Nacional do Brasil, em 1810, pela Coroa Portuguesa, no Rio de Janeiro. Nesta \u00e9poca, D. Jo\u00e3o VI trouxe os milhares de arquivos da Real Biblioteca Portuguesa para o Brasil, dando in\u00edcio ao acervo da atual maior biblioteca [&hellip;]<\/p>\n","protected":false},"author":2,"featured_media":803,"comment_status":"open","ping_status":"open","sticky":false,"template":"","format":"standard","meta":{"jetpack_post_was_ever_published":false,"_jetpack_newsletter_access":"","_jetpack_dont_email_post_to_subs":false,"_jetpack_newsletter_tier_id":0,"_jetpack_memberships_contains_paywalled_content":false,"_jetpack_memberships_contains_paid_content":false,"footnotes":"","jetpack_publicize_message":"","jetpack_publicize_feature_enabled":true,"jetpack_social_post_already_shared":true,"jetpack_social_options":{"image_generator_settings":{"template":"highway","default_image_id":0,"font":"","enabled":false},"version":2}},"categories":[2,31],"tags":[44,42,63,40,38,43,33,41,37,62,76,77],"class_list":["post-802","post","type-post","status-publish","format-standard","has-post-thumbnail","hentry","category-artigos","category-reflexao-e-cronicas","tag-coletanea","tag-cultura","tag-divulgacao","tag-entrevista","tag-literatura","tag-livros","tag-mauro-felippe","tag-obras","tag-poesia","tag-publicacao","tag-radio","tag-radio-justica"],"blocksy_meta":[],"yoast_head":"<!-- This site is optimized with the Yoast SEO plugin v27.5 - https:\/\/yoast.com\/product\/yoast-seo-wordpress\/ -->\n<title>Dia nacional do livro: uma homenagem \u00e0 literatura - Mauro Felippe<\/title>\n<meta name=\"description\" content=\"Confira o artigo sobre o Dia nacional do livro, baseado no poema escrito pelo autor Mauro Felippe.\" \/>\n<meta name=\"robots\" content=\"index, follow, max-snippet:-1, max-image-preview:large, max-video-preview:-1\" \/>\n<link rel=\"canonical\" href=\"http:\/\/maurofelippe.com\/en\/dia-nacional-do-livro-uma-homenagem-a-literatura\/\" \/>\n<meta property=\"og:locale\" content=\"en_US\" \/>\n<meta property=\"og:type\" content=\"article\" \/>\n<meta property=\"og:title\" content=\"Dia nacional do livro: uma homenagem \u00e0 literatura - Mauro Felippe\" \/>\n<meta property=\"og:description\" content=\"Confira o artigo sobre o Dia nacional do livro, baseado no poema escrito pelo autor Mauro Felippe.\" \/>\n<meta property=\"og:url\" content=\"http:\/\/maurofelippe.com\/en\/dia-nacional-do-livro-uma-homenagem-a-literatura\/\" \/>\n<meta property=\"og:site_name\" content=\"Mauro Felippe\" \/>\n<meta property=\"article:published_time\" content=\"2018-12-13T14:53:09+00:00\" \/>\n<meta property=\"article:modified_time\" content=\"2019-01-22T10:59:46+00:00\" \/>\n<meta property=\"og:image\" content=\"https:\/\/maurofelippe.com\/wp-content\/uploads\/2018\/12\/Livro.jpg\" \/>\n\t<meta property=\"og:image:width\" content=\"610\" \/>\n\t<meta property=\"og:image:height\" content=\"350\" \/>\n\t<meta property=\"og:image:type\" content=\"image\/jpeg\" \/>\n<meta name=\"author\" content=\"Mauro Felippe\" \/>\n<meta name=\"twitter:card\" content=\"summary_large_image\" \/>\n<meta name=\"twitter:label1\" content=\"Written by\" \/>\n\t<meta name=\"twitter:data1\" content=\"Mauro Felippe\" \/>\n\t<meta name=\"twitter:label2\" content=\"Est. reading time\" \/>\n\t<meta name=\"twitter:data2\" content=\"1 minute\" \/>\n<script type=\"application\/ld+json\" class=\"yoast-schema-graph\">{\"@context\":\"https:\\\/\\\/schema.org\",\"@graph\":[{\"@type\":\"Article\",\"@id\":\"http:\\\/\\\/maurofelippe.com\\\/br\\\/dia-nacional-do-livro-uma-homenagem-a-literatura\\\/#article\",\"isPartOf\":{\"@id\":\"http:\\\/\\\/maurofelippe.com\\\/br\\\/dia-nacional-do-livro-uma-homenagem-a-literatura\\\/\"},\"author\":{\"name\":\"Mauro Felippe\",\"@id\":\"http:\\\/\\\/maurofelippe.com\\\/br\\\/#\\\/schema\\\/person\\\/b6fb66bfeb28cbb8e687e43244e365cb\"},\"headline\":\"Dia nacional do livro: uma homenagem \u00e0 literatura\",\"datePublished\":\"2018-12-13T14:53:09+00:00\",\"dateModified\":\"2019-01-22T10:59:46+00:00\",\"mainEntityOfPage\":{\"@id\":\"http:\\\/\\\/maurofelippe.com\\\/br\\\/dia-nacional-do-livro-uma-homenagem-a-literatura\\\/\"},\"wordCount\":132,\"commentCount\":0,\"publisher\":{\"@id\":\"http:\\\/\\\/maurofelippe.com\\\/br\\\/#\\\/schema\\\/person\\\/b6fb66bfeb28cbb8e687e43244e365cb\"},\"image\":{\"@id\":\"http:\\\/\\\/maurofelippe.com\\\/br\\\/dia-nacional-do-livro-uma-homenagem-a-literatura\\\/#primaryimage\"},\"thumbnailUrl\":\"https:\\\/\\\/maurofelippe.com\\\/wp-content\\\/uploads\\\/2018\\\/12\\\/Livro.jpg\",\"keywords\":[\"colet\u00e2nea\",\"cultura\",\"divulga\u00e7\u00e3o\",\"entrevista\",\"literatura\",\"livros\",\"Mauro Felippe\",\"obras\",\"poesia\",\"publica\u00e7\u00e3o\",\"r\u00e1dio\",\"R\u00e1dio Justi\u00e7a\"],\"articleSection\":[\"Artigos\",\"Reflex\u00e3o e Cr\u00f4nicas\"],\"inLanguage\":\"en-US\",\"potentialAction\":[{\"@type\":\"CommentAction\",\"name\":\"Comment\",\"target\":[\"http:\\\/\\\/maurofelippe.com\\\/br\\\/dia-nacional-do-livro-uma-homenagem-a-literatura\\\/#respond\"]}]},{\"@type\":\"WebPage\",\"@id\":\"http:\\\/\\\/maurofelippe.com\\\/br\\\/dia-nacional-do-livro-uma-homenagem-a-literatura\\\/\",\"url\":\"http:\\\/\\\/maurofelippe.com\\\/br\\\/dia-nacional-do-livro-uma-homenagem-a-literatura\\\/\",\"name\":\"Dia nacional do livro: uma homenagem \u00e0 literatura - Mauro Felippe\",\"isPartOf\":{\"@id\":\"http:\\\/\\\/maurofelippe.com\\\/br\\\/#website\"},\"primaryImageOfPage\":{\"@id\":\"http:\\\/\\\/maurofelippe.com\\\/br\\\/dia-nacional-do-livro-uma-homenagem-a-literatura\\\/#primaryimage\"},\"image\":{\"@id\":\"http:\\\/\\\/maurofelippe.com\\\/br\\\/dia-nacional-do-livro-uma-homenagem-a-literatura\\\/#primaryimage\"},\"thumbnailUrl\":\"https:\\\/\\\/maurofelippe.com\\\/wp-content\\\/uploads\\\/2018\\\/12\\\/Livro.jpg\",\"datePublished\":\"2018-12-13T14:53:09+00:00\",\"dateModified\":\"2019-01-22T10:59:46+00:00\",\"description\":\"Confira o artigo sobre o Dia nacional do livro, baseado no poema escrito pelo autor Mauro Felippe.\",\"breadcrumb\":{\"@id\":\"http:\\\/\\\/maurofelippe.com\\\/br\\\/dia-nacional-do-livro-uma-homenagem-a-literatura\\\/#breadcrumb\"},\"inLanguage\":\"en-US\",\"potentialAction\":[{\"@type\":\"ReadAction\",\"target\":[\"http:\\\/\\\/maurofelippe.com\\\/br\\\/dia-nacional-do-livro-uma-homenagem-a-literatura\\\/\"]}]},{\"@type\":\"ImageObject\",\"inLanguage\":\"en-US\",\"@id\":\"http:\\\/\\\/maurofelippe.com\\\/br\\\/dia-nacional-do-livro-uma-homenagem-a-literatura\\\/#primaryimage\",\"url\":\"https:\\\/\\\/maurofelippe.com\\\/wp-content\\\/uploads\\\/2018\\\/12\\\/Livro.jpg\",\"contentUrl\":\"https:\\\/\\\/maurofelippe.com\\\/wp-content\\\/uploads\\\/2018\\\/12\\\/Livro.jpg\",\"width\":610,\"height\":350},{\"@type\":\"BreadcrumbList\",\"@id\":\"http:\\\/\\\/maurofelippe.com\\\/br\\\/dia-nacional-do-livro-uma-homenagem-a-literatura\\\/#breadcrumb\",\"itemListElement\":[{\"@type\":\"ListItem\",\"position\":1,\"name\":\"In\u00edcio\",\"item\":\"https:\\\/\\\/maurofelippe.com\\\/\"},{\"@type\":\"ListItem\",\"position\":2,\"name\":\"Dia nacional do livro: uma homenagem \u00e0 literatura\"}]},{\"@type\":\"WebSite\",\"@id\":\"http:\\\/\\\/maurofelippe.com\\\/br\\\/#website\",\"url\":\"http:\\\/\\\/maurofelippe.com\\\/br\\\/\",\"name\":\"Mauro Felippe\",\"description\":\"Autor e Escritor\",\"publisher\":{\"@id\":\"http:\\\/\\\/maurofelippe.com\\\/br\\\/#\\\/schema\\\/person\\\/b6fb66bfeb28cbb8e687e43244e365cb\"},\"potentialAction\":[{\"@type\":\"SearchAction\",\"target\":{\"@type\":\"EntryPoint\",\"urlTemplate\":\"http:\\\/\\\/maurofelippe.com\\\/br\\\/?s={search_term_string}\"},\"query-input\":{\"@type\":\"PropertyValueSpecification\",\"valueRequired\":true,\"valueName\":\"search_term_string\"}}],\"inLanguage\":\"en-US\"},{\"@type\":[\"Person\",\"Organization\"],\"@id\":\"http:\\\/\\\/maurofelippe.com\\\/br\\\/#\\\/schema\\\/person\\\/b6fb66bfeb28cbb8e687e43244e365cb\",\"name\":\"Mauro Felippe\",\"image\":{\"@type\":\"ImageObject\",\"inLanguage\":\"en-US\",\"@id\":\"https:\\\/\\\/maurofelippe.com\\\/wp-content\\\/uploads\\\/2019\\\/01\\\/logo-Mauro-Felippe.png\",\"url\":\"https:\\\/\\\/maurofelippe.com\\\/wp-content\\\/uploads\\\/2019\\\/01\\\/logo-Mauro-Felippe.png\",\"contentUrl\":\"https:\\\/\\\/maurofelippe.com\\\/wp-content\\\/uploads\\\/2019\\\/01\\\/logo-Mauro-Felippe.png\",\"width\":164,\"height\":86,\"caption\":\"Mauro Felippe\"},\"logo\":{\"@id\":\"https:\\\/\\\/maurofelippe.com\\\/wp-content\\\/uploads\\\/2019\\\/01\\\/logo-Mauro-Felippe.png\"},\"sameAs\":[\"http:\\\/\\\/www.maurofelippe.com\"],\"url\":\"https:\\\/\\\/maurofelippe.com\\\/en\\\/author\\\/lc\\\/\"}]}<\/script>\n<!-- \/ Yoast SEO plugin. -->","yoast_head_json":{"title":"Dia nacional do livro: uma homenagem \u00e0 literatura - Mauro Felippe","description":"Confira o artigo sobre o Dia nacional do livro, baseado no poema escrito pelo autor Mauro Felippe.","robots":{"index":"index","follow":"follow","max-snippet":"max-snippet:-1","max-image-preview":"max-image-preview:large","max-video-preview":"max-video-preview:-1"},"canonical":"http:\/\/maurofelippe.com\/en\/dia-nacional-do-livro-uma-homenagem-a-literatura\/","og_locale":"en_US","og_type":"article","og_title":"Dia nacional do livro: uma homenagem \u00e0 literatura - Mauro Felippe","og_description":"Confira o artigo sobre o Dia nacional do livro, baseado no poema escrito pelo autor Mauro Felippe.","og_url":"http:\/\/maurofelippe.com\/en\/dia-nacional-do-livro-uma-homenagem-a-literatura\/","og_site_name":"Mauro Felippe","article_published_time":"2018-12-13T14:53:09+00:00","article_modified_time":"2019-01-22T10:59:46+00:00","og_image":[{"width":610,"height":350,"url":"https:\/\/maurofelippe.com\/wp-content\/uploads\/2018\/12\/Livro.jpg","type":"image\/jpeg"}],"author":"Mauro Felippe","twitter_card":"summary_large_image","twitter_misc":{"Written by":"Mauro Felippe","Est. reading time":"1 minute"},"schema":{"@context":"https:\/\/schema.org","@graph":[{"@type":"Article","@id":"http:\/\/maurofelippe.com\/br\/dia-nacional-do-livro-uma-homenagem-a-literatura\/#article","isPartOf":{"@id":"http:\/\/maurofelippe.com\/br\/dia-nacional-do-livro-uma-homenagem-a-literatura\/"},"author":{"name":"Mauro Felippe","@id":"http:\/\/maurofelippe.com\/br\/#\/schema\/person\/b6fb66bfeb28cbb8e687e43244e365cb"},"headline":"Dia nacional do livro: uma homenagem \u00e0 literatura","datePublished":"2018-12-13T14:53:09+00:00","dateModified":"2019-01-22T10:59:46+00:00","mainEntityOfPage":{"@id":"http:\/\/maurofelippe.com\/br\/dia-nacional-do-livro-uma-homenagem-a-literatura\/"},"wordCount":132,"commentCount":0,"publisher":{"@id":"http:\/\/maurofelippe.com\/br\/#\/schema\/person\/b6fb66bfeb28cbb8e687e43244e365cb"},"image":{"@id":"http:\/\/maurofelippe.com\/br\/dia-nacional-do-livro-uma-homenagem-a-literatura\/#primaryimage"},"thumbnailUrl":"https:\/\/maurofelippe.com\/wp-content\/uploads\/2018\/12\/Livro.jpg","keywords":["colet\u00e2nea","cultura","divulga\u00e7\u00e3o","entrevista","literatura","livros","Mauro Felippe","obras","poesia","publica\u00e7\u00e3o","r\u00e1dio","R\u00e1dio Justi\u00e7a"],"articleSection":["Artigos","Reflex\u00e3o e Cr\u00f4nicas"],"inLanguage":"en-US","potentialAction":[{"@type":"CommentAction","name":"Comment","target":["http:\/\/maurofelippe.com\/br\/dia-nacional-do-livro-uma-homenagem-a-literatura\/#respond"]}]},{"@type":"WebPage","@id":"http:\/\/maurofelippe.com\/br\/dia-nacional-do-livro-uma-homenagem-a-literatura\/","url":"http:\/\/maurofelippe.com\/br\/dia-nacional-do-livro-uma-homenagem-a-literatura\/","name":"Dia nacional do livro: uma homenagem \u00e0 literatura - Mauro Felippe","isPartOf":{"@id":"http:\/\/maurofelippe.com\/br\/#website"},"primaryImageOfPage":{"@id":"http:\/\/maurofelippe.com\/br\/dia-nacional-do-livro-uma-homenagem-a-literatura\/#primaryimage"},"image":{"@id":"http:\/\/maurofelippe.com\/br\/dia-nacional-do-livro-uma-homenagem-a-literatura\/#primaryimage"},"thumbnailUrl":"https:\/\/maurofelippe.com\/wp-content\/uploads\/2018\/12\/Livro.jpg","datePublished":"2018-12-13T14:53:09+00:00","dateModified":"2019-01-22T10:59:46+00:00","description":"Confira o artigo sobre o Dia nacional do livro, baseado no poema escrito pelo autor Mauro Felippe.","breadcrumb":{"@id":"http:\/\/maurofelippe.com\/br\/dia-nacional-do-livro-uma-homenagem-a-literatura\/#breadcrumb"},"inLanguage":"en-US","potentialAction":[{"@type":"ReadAction","target":["http:\/\/maurofelippe.com\/br\/dia-nacional-do-livro-uma-homenagem-a-literatura\/"]}]},{"@type":"ImageObject","inLanguage":"en-US","@id":"http:\/\/maurofelippe.com\/br\/dia-nacional-do-livro-uma-homenagem-a-literatura\/#primaryimage","url":"https:\/\/maurofelippe.com\/wp-content\/uploads\/2018\/12\/Livro.jpg","contentUrl":"https:\/\/maurofelippe.com\/wp-content\/uploads\/2018\/12\/Livro.jpg","width":610,"height":350},{"@type":"BreadcrumbList","@id":"http:\/\/maurofelippe.com\/br\/dia-nacional-do-livro-uma-homenagem-a-literatura\/#breadcrumb","itemListElement":[{"@type":"ListItem","position":1,"name":"In\u00edcio","item":"https:\/\/maurofelippe.com\/"},{"@type":"ListItem","position":2,"name":"Dia nacional do livro: uma homenagem \u00e0 literatura"}]},{"@type":"WebSite","@id":"http:\/\/maurofelippe.com\/br\/#website","url":"http:\/\/maurofelippe.com\/br\/","name":"Mauro Felippe","description":"Author and Writer","publisher":{"@id":"http:\/\/maurofelippe.com\/br\/#\/schema\/person\/b6fb66bfeb28cbb8e687e43244e365cb"},"potentialAction":[{"@type":"SearchAction","target":{"@type":"EntryPoint","urlTemplate":"http:\/\/maurofelippe.com\/br\/?s={search_term_string}"},"query-input":{"@type":"PropertyValueSpecification","valueRequired":true,"valueName":"search_term_string"}}],"inLanguage":"en-US"},{"@type":["Person","Organization"],"@id":"http:\/\/maurofelippe.com\/br\/#\/schema\/person\/b6fb66bfeb28cbb8e687e43244e365cb","name":"Mauro Felippe","image":{"@type":"ImageObject","inLanguage":"en-US","@id":"https:\/\/maurofelippe.com\/wp-content\/uploads\/2019\/01\/logo-Mauro-Felippe.png","url":"https:\/\/maurofelippe.com\/wp-content\/uploads\/2019\/01\/logo-Mauro-Felippe.png","contentUrl":"https:\/\/maurofelippe.com\/wp-content\/uploads\/2019\/01\/logo-Mauro-Felippe.png","width":164,"height":86,"caption":"Mauro Felippe"},"logo":{"@id":"https:\/\/maurofelippe.com\/wp-content\/uploads\/2019\/01\/logo-Mauro-Felippe.png"},"sameAs":["http:\/\/www.maurofelippe.com"],"url":"https:\/\/maurofelippe.com\/en\/author\/lc\/"}]}},"jetpack_publicize_connections":[],"jetpack_featured_media_url":"https:\/\/maurofelippe.com\/wp-content\/uploads\/2018\/12\/Livro.jpg","jetpack_shortlink":"https:\/\/wp.me\/pavqH1-cW","jetpack-related-posts":[{"id":588,"url":"https:\/\/maurofelippe.com\/en\/mauro-felippe-na-revista-styllus\/","url_meta":{"origin":802,"position":0},"title":"Mauro Felippe in the Styllus Magazine","author":"Mauro Felippe","date":"07\/12\/2018","format":false,"excerpt":"Confira o texto da Revista Styllus sobre as obras do autor Mauro Felippe. Em 29 de outubro, comemora-se o\u00a0Dia Nacional do Livro. A data surgiu com a funda\u00e7\u00e3o daBiblioteca Nacional do Brasil, em 1810, pela Coroa Portuguesa, no Rio de Janeiro. Nesta \u00e9poca, D. Jo\u00e3o VI trouxe os milhares de\u2026","rel":"","context":"In &quot;Imprensa&quot;","block_context":{"text":"Imprensa","link":"https:\/\/maurofelippe.com\/en\/category\/imprensa\/"},"img":{"alt_text":"","src":"https:\/\/i0.wp.com\/maurofelippe.com\/wp-content\/uploads\/2018\/12\/Revista-Styllus.jpg?resize=350%2C200&ssl=1","width":350,"height":200,"srcset":"https:\/\/i0.wp.com\/maurofelippe.com\/wp-content\/uploads\/2018\/12\/Revista-Styllus.jpg?resize=350%2C200&ssl=1 1x, https:\/\/i0.wp.com\/maurofelippe.com\/wp-content\/uploads\/2018\/12\/Revista-Styllus.jpg?resize=525%2C300&ssl=1 1.5x"},"classes":[]},{"id":1518,"url":"https:\/\/maurofelippe.com\/en\/feliz-dia-nacional-do-livro\/","url_meta":{"origin":802,"position":1},"title":"Feliz Dia Nacional do Livro","author":"Mauro Felippe","date":"29\/10\/2021","format":false,"excerpt":"Celebrado anualmente em 29\/10, o Dia Nacional do Livro surgiu em homenagem \u00e0 funda\u00e7\u00e3o da Biblioteca Nacional do Livro, do Rio de Janeiro-RJ, em 29\/10\/1810, pela Coroa Portuguesa. Na \u00e9poca, D. Jo\u00e3o VI trouxe para o Brasil milhares de pe\u00e7as da Real Biblioteca Portuguesa. Hoje, possui mais de 9 milh\u00f5es\u2026","rel":"","context":"In &quot;Artigos&quot;","block_context":{"text":"Artigos","link":"https:\/\/maurofelippe.com\/en\/category\/artigos\/"},"img":{"alt_text":"","src":"https:\/\/i0.wp.com\/maurofelippe.com\/wp-content\/uploads\/2021\/10\/maurofelippe-249829458_578183456739438_8450357111724729358_n.jpg?resize=350%2C200&ssl=1","width":350,"height":200,"srcset":"https:\/\/i0.wp.com\/maurofelippe.com\/wp-content\/uploads\/2021\/10\/maurofelippe-249829458_578183456739438_8450357111724729358_n.jpg?resize=350%2C200&ssl=1 1x, https:\/\/i0.wp.com\/maurofelippe.com\/wp-content\/uploads\/2021\/10\/maurofelippe-249829458_578183456739438_8450357111724729358_n.jpg?resize=525%2C300&ssl=1 1.5x, https:\/\/i0.wp.com\/maurofelippe.com\/wp-content\/uploads\/2021\/10\/maurofelippe-249829458_578183456739438_8450357111724729358_n.jpg?resize=700%2C400&ssl=1 2x"},"classes":[]},{"id":326,"url":"https:\/\/maurofelippe.com\/en\/mauro-felippe-na-radio-som-maior\/","url_meta":{"origin":802,"position":2},"title":"Mauro Felippe on R\u00e1dio Som Maior","author":"Mauro Felippe","date":"13\/11\/2018","format":false,"excerpt":"Confira a entrevista de Mauro Felippe no Programa Ponto a Ponto, com Pity B\u00farigo (R\u00e1dio Som Maior) Mauro Felippe entrevistado no Programa Ponto a Ponto com Pity B\u00farigo na R\u00e1dio Som Maior de Crici\u00fama - 11\/09\/2018 \u00a0","rel":"","context":"In &quot;Imprensa&quot;","block_context":{"text":"Imprensa","link":"https:\/\/maurofelippe.com\/en\/category\/imprensa\/"},"img":{"alt_text":"","src":"https:\/\/i0.wp.com\/maurofelippe.com\/wp-content\/uploads\/2018\/11\/RADIO_SOM_MAIOR_FM_CRICIUMA_SC-1.jpg?resize=350%2C200&ssl=1","width":350,"height":200},"classes":[]},{"id":321,"url":"https:\/\/maurofelippe.com\/en\/mauro-felippe-na-radio-justica\/","url_meta":{"origin":802,"position":3},"title":"Mauro Felippe on R\u00e1dio Justi\u00e7a","author":"Mauro Felippe","date":"13\/11\/2018","format":false,"excerpt":"Confira a entrevista de Mauro Felippe na R\u00e1dio Justi\u00e7a O autor e advogado Mauro Felippe concedeu uma entrevista para a R\u00e1dio Justi\u00e7a no dia 29\/10","rel":"","context":"In &quot;Imprensa&quot;","block_context":{"text":"Imprensa","link":"https:\/\/maurofelippe.com\/en\/category\/imprensa\/"},"img":{"alt_text":"","src":"https:\/\/i0.wp.com\/maurofelippe.com\/wp-content\/uploads\/2018\/12\/R%C3%A1dio-Justi%C3%A7a.jpg?resize=350%2C200&ssl=1","width":350,"height":200,"srcset":"https:\/\/i0.wp.com\/maurofelippe.com\/wp-content\/uploads\/2018\/12\/R%C3%A1dio-Justi%C3%A7a.jpg?resize=350%2C200&ssl=1 1x, https:\/\/i0.wp.com\/maurofelippe.com\/wp-content\/uploads\/2018\/12\/R%C3%A1dio-Justi%C3%A7a.jpg?resize=525%2C300&ssl=1 1.5x"},"classes":[]},{"id":986,"url":"https:\/\/maurofelippe.com\/en\/dia-nacional-do-bibliotecario-uma-importancia-social-e-cultural\/","url_meta":{"origin":802,"position":4},"title":"Dia Nacional do Bibliotec\u00e1rio: Uma import\u00e2ncia social e cultural","author":"Mauro Felippe","date":"08\/03\/2019","format":false,"excerpt":"Cada acervo guardado nas bibliotecas cont\u00e9m cole\u00e7\u00f5es infinitas de temas e personagens, cada qual com direito \u00e0 data\u00e7\u00e3o e \u00e0 evoca\u00e7\u00e3o pr\u00f3pria. Em meio ao conjunto incont\u00e1vel de tempos, temas e mem\u00f3rias abrigadas, h\u00e1 uma data singular,\u00a0a que \u00e9 pertencente ao corpo profissional que d\u00e1 o sentido mais fundamental de\u2026","rel":"","context":"In &quot;Artigos&quot;","block_context":{"text":"Artigos","link":"https:\/\/maurofelippe.com\/en\/category\/artigos\/"},"img":{"alt_text":"","src":"https:\/\/i0.wp.com\/maurofelippe.com\/wp-content\/uploads\/2019\/03\/biblioteca-ccbb-centro-rio.jpg?resize=350%2C200&ssl=1","width":350,"height":200,"srcset":"https:\/\/i0.wp.com\/maurofelippe.com\/wp-content\/uploads\/2019\/03\/biblioteca-ccbb-centro-rio.jpg?resize=350%2C200&ssl=1 1x, https:\/\/i0.wp.com\/maurofelippe.com\/wp-content\/uploads\/2019\/03\/biblioteca-ccbb-centro-rio.jpg?resize=525%2C300&ssl=1 1.5x, https:\/\/i0.wp.com\/maurofelippe.com\/wp-content\/uploads\/2019\/03\/biblioteca-ccbb-centro-rio.jpg?resize=700%2C400&ssl=1 2x, https:\/\/i0.wp.com\/maurofelippe.com\/wp-content\/uploads\/2019\/03\/biblioteca-ccbb-centro-rio.jpg?resize=1050%2C600&ssl=1 3x, https:\/\/i0.wp.com\/maurofelippe.com\/wp-content\/uploads\/2019\/03\/biblioteca-ccbb-centro-rio.jpg?resize=1400%2C800&ssl=1 4x"},"classes":[]},{"id":1527,"url":"https:\/\/maurofelippe.com\/en\/29-10-dia-nacional-do-livro-entrevista-radio-nacional-da-amazonia\/","url_meta":{"origin":802,"position":5},"title":"29.10. DIA NACIONAL DO LIVRO. ENTREVISTA  R\u00c1DIO NACIONAL DA AMAZ\u00d4NIA","author":"Mauro Felippe","date":"29\/10\/2021","format":false,"excerpt":"Entrevista de Mauro Felippe para a R\u00e1dio nacional da Amaz\u00f4nia sobre o Dia Nacional do Livro! Clique no v\u00eddeo abaixo para ouvir a entrevista completa. Mauro Felippe\u00a0\u00a0@maurofelippe","rel":"","context":"In &quot;Imprensa&quot;","block_context":{"text":"Imprensa","link":"https:\/\/maurofelippe.com\/en\/category\/imprensa\/"},"img":{"alt_text":"","src":"https:\/\/i0.wp.com\/maurofelippe.com\/wp-content\/uploads\/2021\/10\/amazonia.jpg?resize=350%2C200&ssl=1","width":350,"height":200,"srcset":"https:\/\/i0.wp.com\/maurofelippe.com\/wp-content\/uploads\/2021\/10\/amazonia.jpg?resize=350%2C200&ssl=1 1x, https:\/\/i0.wp.com\/maurofelippe.com\/wp-content\/uploads\/2021\/10\/amazonia.jpg?resize=525%2C300&ssl=1 1.5x, https:\/\/i0.wp.com\/maurofelippe.com\/wp-content\/uploads\/2021\/10\/amazonia.jpg?resize=700%2C400&ssl=1 2x"},"classes":[]}],"jetpack_sharing_enabled":true,"_links":{"self":[{"href":"https:\/\/maurofelippe.com\/en\/wp-json\/wp\/v2\/posts\/802","targetHints":{"allow":["GET"]}}],"collection":[{"href":"https:\/\/maurofelippe.com\/en\/wp-json\/wp\/v2\/posts"}],"about":[{"href":"https:\/\/maurofelippe.com\/en\/wp-json\/wp\/v2\/types\/post"}],"author":[{"embeddable":true,"href":"https:\/\/maurofelippe.com\/en\/wp-json\/wp\/v2\/users\/2"}],"replies":[{"embeddable":true,"href":"https:\/\/maurofelippe.com\/en\/wp-json\/wp\/v2\/comments?post=802"}],"version-history":[{"count":2,"href":"https:\/\/maurofelippe.com\/en\/wp-json\/wp\/v2\/posts\/802\/revisions"}],"predecessor-version":[{"id":865,"href":"https:\/\/maurofelippe.com\/en\/wp-json\/wp\/v2\/posts\/802\/revisions\/865"}],"wp:featuredmedia":[{"embeddable":true,"href":"https:\/\/maurofelippe.com\/en\/wp-json\/wp\/v2\/media\/803"}],"wp:attachment":[{"href":"https:\/\/maurofelippe.com\/en\/wp-json\/wp\/v2\/media?parent=802"}],"wp:term":[{"taxonomy":"category","embeddable":true,"href":"https:\/\/maurofelippe.com\/en\/wp-json\/wp\/v2\/categories?post=802"},{"taxonomy":"post_tag","embeddable":true,"href":"https:\/\/maurofelippe.com\/en\/wp-json\/wp\/v2\/tags?post=802"}],"curies":[{"name":"wp","href":"https:\/\/api.w.org\/{rel}","templated":true}]}}